{"id":3749,"date":"2025-01-24T16:33:00","date_gmt":"2025-01-24T16:33:00","guid":{"rendered":"https:\/\/symbiotica.cl\/?p=3749"},"modified":"2025-04-03T19:42:02","modified_gmt":"2025-04-03T19:42:02","slug":"bosque-residencial-2-isla-de-maipo","status":"publish","type":"post","link":"https:\/\/symbiotica.cl\/?p=3749","title":{"rendered":"Bosque Residencial Pe\u00f1alol\u00e9n 2"},"content":{"rendered":"<div id='detail-banner' class='avia-section main_color avia-section-no-padding avia-no-border-styling avia-bg-style-scroll  avia-builder-el-0  el_before_av_section  avia-builder-el-first    av-minimum-height av-minimum-height-100  container_wrap sidebar_right' style='background-repeat: no-repeat; background-image: url(https:\/\/symbiotica.cl\/wp-content\/uploads\/2025\/01\/ResidenciaPenalolen1-1030x579.jpg);background-attachment: scroll; background-position: center center;  '  data-section-bg-repeat='no-repeat' data-av_minimum_height_pc='100'><div class='container' ><main  role=\"main\" itemprop=\"mainContentOfPage\"  class='template-page content  av-content-small alpha units'><div class='post-entry post-entry-type-page post-entry-3749'><div class='entry-content-wrapper clearfix'>\n<div style='padding-bottom:10px; color:#ffffff;font-size:48px;' class='av-special-heading av-special-heading-h1 custom-color-heading blockquote modern-quote modern-centered  avia-builder-el-1  el_before_av_heading  avia-builder-el-first   av-inherit-size '><h1 class='av-special-heading-tag '  itemprop=\"headline\"  >Residencial Pe\u00f1alol\u00e9n II &#8211; Particular<\/h1><div class='special-heading-border'><div class='special-heading-inner-border' style='border-color:#ffffff'><\/div><\/div><\/div>\n<div style='padding-bottom:10px; color:#ffffff;font-size:32px;' class='av-special-heading av-special-heading-h5 custom-color-heading blockquote modern-quote modern-centered  avia-builder-el-2  el_after_av_heading  avia-builder-el-last   av-inherit-size '><h5 class='av-special-heading-tag '  itemprop=\"headline\"  >Agosto 2021<\/h5><div class='special-heading-border'><div class='special-heading-inner-border' style='border-color:#ffffff'><\/div><\/div><\/div>\n<\/div><\/div><\/main><!-- close content main element --><\/div><\/div><div id='detail-cont' class='avia-section main_color avia-section-default avia-no-border-styling avia-bg-style-scroll  avia-builder-el-3  el_after_av_section  el_before_av_section    av-minimum-height av-minimum-height-100  container_wrap sidebar_right' style='background-repeat: no-repeat; background-image: url(https:\/\/symbiotica.cl\/wp-content\/uploads\/2022\/02\/bg-txt10-1030x617.png);background-attachment: scroll; background-position: top center;  '  data-section-bg-repeat='no-repeat' data-av_minimum_height_pc='100'><div class='container' ><div class='template-page content  av-content-small alpha units'><div class='post-entry post-entry-type-page post-entry-3749'><div class='entry-content-wrapper clearfix'>\n<div style='padding-bottom:10px; color:#455f56;font-size:28px;' class='av-special-heading av-special-heading-h2 custom-color-heading blockquote modern-quote modern-centered  avia-builder-el-4  el_before_av_textblock  avia-builder-el-first   av-inherit-size '><h2 class='av-special-heading-tag '  itemprop=\"headline\"  >Isla Nativa bajo el m\u00e9todo Miyawaki de 350 m2, con 600 plantas y m\u00e1s de 40 especies.<\/h2><div class='special-heading-border'><div class='special-heading-inner-border' style='border-color:#455f56'><\/div><\/div><\/div>\n<section class=\"av_textblock_section \"  itemscope=\"itemscope\" itemtype=\"https:\/\/schema.org\/BlogPosting\" itemprop=\"blogPost\" ><div class='avia_textblock  av_inherit_color '  style='font-size:22px; color:#455f56; '  itemprop=\"text\" ><p><span style=\"font-weight: 400;\">Dise\u00f1o e instalaci\u00f3n de sistema de riego por goteo.<\/span><\/p>\n<p><span style=\"font-weight: 400;\">Restauraci\u00f3n ecol\u00f3gica de una parcela particular en Pe\u00f1alol\u00e9n, Santiago, ubicada en una zona altamente degradada. El proyecto se realiz\u00f3 en la parcela contigua a otro proyecto de Symbi\u00f3tica Bosquicultores de marzo de 2021, aumentando el impacto de la intervenci\u00f3n al transformar una quebrada desecada en un vigoroso bosque de crecimiento acelerado. <\/span><\/p>\n<\/div><\/section>\n<\/div><\/div><\/div><!-- close content main div --><\/div><\/div><div id='av_section_3' class='avia-section main_color avia-section-no-padding avia-no-border-styling avia-bg-style-scroll  avia-builder-el-6  el_after_av_section  el_before_av_section  map  container_wrap sidebar_right' style=' '  ><div class='container' ><div class='template-page content  av-content-small alpha units'><div class='post-entry post-entry-type-page post-entry-3749'><div class='entry-content-wrapper clearfix'>\n<div class=\"av_gmaps_sc_main_wrap av_gmaps_main_wrap\"><div id='av_gmap_0' class='avia-google-map-container avia-google-map-sc av_gmaps_show_unconditionally av-no-fallback-img ' data-mapid='av_gmap_0'  style='height: 400px;'><a class=\"av_gmaps_browser_disabled av_text_confirm_link av_text_confirm_link_visible\" href=\"https:\/\/www.google.com\/maps\/search\/?api=1&#038;query=-33.497648,-70.527705\" target=\"_blank\">Maps were disabled by the visitor on this site.<\/a><\/div><\/div>\n<\/p>\n<\/div><\/div><\/div><!-- close content main div --><\/div><\/div><div id='av_section_4' class='avia-section main_color avia-section-no-padding avia-no-border-styling avia-bg-style-scroll  avia-builder-el-8  el_after_av_section  el_before_av_section  map  container_wrap sidebar_right' style='background-color: #efebe6;  '  ><div class='container' ><div class='template-page content  av-content-small alpha units'><div class='post-entry post-entry-type-page post-entry-3749'><div class='entry-content-wrapper clearfix'>\n<div id='av-masonry-1' class='av-masonry  noHover av-fixed-size av-no-gap av-hover-overlay- av-masonry-animation- av-masonry-col-4 av-caption-always av-caption-style- av-masonry-gallery     '  ><div class='av-masonry-container isotope av-js-disabled ' ><div class='av-masonry-entry isotope-item av-masonry-item-no-image '><\/div><a href=\"https:\/\/symbiotica.cl\/wp-content\/uploads\/2025\/01\/ResidenciaPenalolen3-1030x442.jpg\" id='av-masonry-1-item-3750' data-av-masonry-item='3750' class='av-masonry-entry isotope-item post-3750 attachment type-attachment status-inherit hentry  av-masonry-item-with-image' title=\"Residencia Pen\u0303alolen\"  itemprop=\"thumbnailUrl\" ><div class='av-inner-masonry-sizer'><\/div><figure class='av-inner-masonry main_color'><div class=\"av-masonry-outerimage-container\"><div class=\"av-masonry-image-container\" style=\"background-image: url(https:\/\/symbiotica.cl\/wp-content\/uploads\/2025\/01\/ResidenciaPenalolen3-705x303.jpg);\" title=\"Residencia Pen\u0303alolen\" ><\/div><\/div><\/figure><\/a><!--end av-masonry entry--><a href=\"https:\/\/symbiotica.cl\/wp-content\/uploads\/2025\/01\/ResidenciaPenalolen4-1030x773.jpg\" id='av-masonry-1-item-3751' data-av-masonry-item='3751' class='av-masonry-entry isotope-item post-3751 attachment type-attachment status-inherit hentry  av-masonry-item-with-image' title=\"Residencia Pen\u0303alolen\"  itemprop=\"thumbnailUrl\" ><div class='av-inner-masonry-sizer'><\/div><figure class='av-inner-masonry main_color'><div class=\"av-masonry-outerimage-container\"><div class=\"av-masonry-image-container\" style=\"background-image: url(https:\/\/symbiotica.cl\/wp-content\/uploads\/2025\/01\/ResidenciaPenalolen4-705x529.jpg);\" title=\"Residencia Pen\u0303alolen\" ><\/div><\/div><\/figure><\/a><!--end av-masonry entry--><a href=\"https:\/\/symbiotica.cl\/wp-content\/uploads\/2025\/01\/ResidenciaPenalolen5-1030x773.jpg\" id='av-masonry-1-item-3752' data-av-masonry-item='3752' class='av-masonry-entry isotope-item post-3752 attachment type-attachment status-inherit hentry  av-masonry-item-with-image' title=\"Residencia Pen\u0303alolen\"  itemprop=\"thumbnailUrl\" ><div class='av-inner-masonry-sizer'><\/div><figure class='av-inner-masonry main_color'><div class=\"av-masonry-outerimage-container\"><div class=\"av-masonry-image-container\" style=\"background-image: url(https:\/\/symbiotica.cl\/wp-content\/uploads\/2025\/01\/ResidenciaPenalolen5-705x529.jpg);\" title=\"Residencia Pen\u0303alolen\" ><\/div><\/div><\/figure><\/a><!--end av-masonry entry--><a href=\"https:\/\/symbiotica.cl\/wp-content\/uploads\/2025\/01\/ResidenciaPenalolen6-1030x773.jpg\" id='av-masonry-1-item-3753' data-av-masonry-item='3753' class='av-masonry-entry isotope-item post-3753 attachment type-attachment status-inherit hentry  av-masonry-item-with-image' title=\"Residencia Pen\u0303alolen\"  itemprop=\"thumbnailUrl\" ><div class='av-inner-masonry-sizer'><\/div><figure class='av-inner-masonry main_color'><div class=\"av-masonry-outerimage-container\"><div class=\"av-masonry-image-container\" style=\"background-image: url(https:\/\/symbiotica.cl\/wp-content\/uploads\/2025\/01\/ResidenciaPenalolen6-705x529.jpg);\" title=\"Residencia Pen\u0303alolen\" ><\/div><\/div><\/figure><\/a><!--end av-masonry entry--><a href=\"https:\/\/symbiotica.cl\/wp-content\/uploads\/2025\/01\/ResidenciaPenalolen-1030x579.jpg\" id='av-masonry-1-item-3754' data-av-masonry-item='3754' class='av-masonry-entry isotope-item post-3754 attachment type-attachment status-inherit hentry  av-masonry-item-with-image' title=\"Residencia Pen\u0303alolen\"  itemprop=\"thumbnailUrl\" ><div class='av-inner-masonry-sizer'><\/div><figure class='av-inner-masonry main_color'><div class=\"av-masonry-outerimage-container\"><div class=\"av-masonry-image-container\" style=\"background-image: url(https:\/\/symbiotica.cl\/wp-content\/uploads\/2025\/01\/ResidenciaPenalolen-705x397.jpg);\" title=\"Residencia Pen\u0303alolen\" ><\/div><\/div><\/figure><\/a><!--end av-masonry entry--><a href=\"https:\/\/symbiotica.cl\/wp-content\/uploads\/2025\/01\/ResidenciaPenalolen1-1030x579.jpg\" id='av-masonry-1-item-3755' data-av-masonry-item='3755' class='av-masonry-entry isotope-item post-3755 attachment type-attachment status-inherit hentry  av-masonry-item-with-image' title=\"Residencia Pen\u0303alolen\"  itemprop=\"thumbnailUrl\" ><div class='av-inner-masonry-sizer'><\/div><figure class='av-inner-masonry main_color'><div class=\"av-masonry-outerimage-container\"><div class=\"av-masonry-image-container\" style=\"background-image: url(https:\/\/symbiotica.cl\/wp-content\/uploads\/2025\/01\/ResidenciaPenalolen1-705x397.jpg);\" title=\"Residencia Pen\u0303alolen\" ><\/div><\/div><\/figure><\/a><!--end av-masonry entry--><a href=\"https:\/\/symbiotica.cl\/wp-content\/uploads\/2025\/01\/ResidenciaPenalolen7-1030x579.jpg\" id='av-masonry-1-item-3756' data-av-masonry-item='3756' class='av-masonry-entry isotope-item post-3756 attachment type-attachment status-inherit hentry  av-masonry-item-with-image' title=\"Residencia Pen\u0303alolen\"  itemprop=\"thumbnailUrl\" ><div class='av-inner-masonry-sizer'><\/div><figure class='av-inner-masonry main_color'><div class=\"av-masonry-outerimage-container\"><div class=\"av-masonry-image-container\" style=\"background-image: url(https:\/\/symbiotica.cl\/wp-content\/uploads\/2025\/01\/ResidenciaPenalolen7-705x397.jpg);\" title=\"Residencia Pen\u0303alolen\" ><\/div><\/div><\/figure><\/a><!--end av-masonry entry--><a href=\"https:\/\/symbiotica.cl\/wp-content\/uploads\/2025\/01\/ResidenciaPenalolen8-1-1030x773.jpg\" id='av-masonry-1-item-3757' data-av-masonry-item='3757' class='av-masonry-entry isotope-item post-3757 attachment type-attachment status-inherit hentry  av-masonry-item-with-image' title=\"Residencia Pen\u0303alolen\"  itemprop=\"thumbnailUrl\" ><div class='av-inner-masonry-sizer'><\/div><figure class='av-inner-masonry main_color'><div class=\"av-masonry-outerimage-container\"><div class=\"av-masonry-image-container\" style=\"background-image: url(https:\/\/symbiotica.cl\/wp-content\/uploads\/2025\/01\/ResidenciaPenalolen8-1-705x529.jpg);\" title=\"Residencia Pen\u0303alolen\" ><\/div><\/div><\/figure><\/a><!--end av-masonry entry--><\/div><\/div>\n\n<\/div><\/div><\/div><!-- close content main div --><\/div><\/div><div id='partners' class='avia-section main_color avia-section-small avia-no-border-styling avia-bg-style-scroll  avia-builder-el-10  el_after_av_section  avia-builder-el-last    container_wrap sidebar_right' style='background-color: #efebe6;  '  ><div class='container' ><div class='template-page content  av-content-small alpha units'><div class='post-entry post-entry-type-page post-entry-3749'><div class='entry-content-wrapper clearfix'>\n<div class=\"flex_column av_one_fifth  flex_column_div first  avia-builder-el-11  el_before_av_three_fifth  avia-builder-el-first  \" ><\/div><div class=\"flex_column av_three_fifth  flex_column_div   avia-builder-el-12  el_after_av_one_fifth  el_before_av_one_fifth  \" ><p><div style='height:80px' class='hr hr-invisible   avia-builder-el-13  el_before_av_heading  avia-builder-el-first  '><span class='hr-inner ' ><span class='hr-inner-style'><\/span><\/span><\/div><br \/>\n<div style='padding-bottom:10px; margin:0 0 0 0; color:#455f56;font-size:36px;' class='av-special-heading av-special-heading-h1 custom-color-heading blockquote modern-quote modern-centered  avia-builder-el-14  el_after_av_hr  el_before_av_heading   av-inherit-size '><h1 class='av-special-heading-tag '  itemprop=\"headline\"  >\u00daNETE AL MICELIO DE SYMBIOTICA<\/h1><div class='special-heading-border'><div class='special-heading-inner-border' style='border-color:#455f56'><\/div><\/div><\/div><br \/>\n<div style='padding-bottom:0px; color:#698980;font-size:17px;' class='av-special-heading av-special-heading-h5 custom-color-heading blockquote modern-quote modern-centered  avia-builder-el-15  el_after_av_heading  avia-builder-el-last   av-inherit-size '><h5 class='av-special-heading-tag '  itemprop=\"headline\"  >Cont\u00e1ctanos para ser parte activa de la regeneraci\u00f3n contacto@symbiotica.cl<\/h5><div class='special-heading-border'><div class='special-heading-inner-border' style='border-color:#698980'><\/div><\/div><\/div><\/p><\/div><div class=\"flex_column av_one_fifth  flex_column_div   avia-builder-el-16  el_after_av_three_fifth  avia-builder-el-last  \" ><\/div>\n<\/div><\/div><\/div><!-- close content main div --><\/div><\/div><div id='after_section_5' class='main_color av_default_container_wrap container_wrap sidebar_right' style=' '  ><div class='container' ><div class='template-page content  av-content-small alpha units'><div class='post-entry post-entry-type-page post-entry-3749'><div class='entry-content-wrapper clearfix'>\n","protected":false},"excerpt":{"rendered":"","protected":false},"author":1,"featured_media":3751,"comment_status":"open","ping_status":"open","sticky":false,"template":"","format":"standard","meta":[],"categories":[35,38],"tags":[],"yoast_head":"<!-- This site is optimized with the Yoast SEO plugin v15.4 - https:\/\/yoast.com\/wordpress\/plugins\/seo\/ -->\n<title>Bosque Residencial Pe\u00f1alol\u00e9n 2 - Symbiotica<\/title>\n<meta name=\"robots\" content=\"index, follow, max-snippet:-1, max-image-preview:large, max-video-preview:-1\" \/>\n<link rel=\"canonical\" href=\"https:\/\/symbiotica.cl\/?p=3749\" \/>\n<meta property=\"og:locale\" content=\"es_ES\" \/>\n<meta property=\"og:type\" content=\"article\" \/>\n<meta property=\"og:title\" content=\"Bosque Residencial Pe\u00f1alol\u00e9n 2 - Symbiotica\" \/>\n<meta property=\"og:url\" content=\"https:\/\/symbiotica.cl\/?p=3749\" \/>\n<meta property=\"og:site_name\" content=\"Symbiotica\" \/>\n<meta property=\"article:publisher\" content=\"https:\/\/www.facebook.com\/symbiotica.cl\" \/>\n<meta property=\"article:published_time\" content=\"2025-01-24T16:33:00+00:00\" \/>\n<meta property=\"article:modified_time\" content=\"2025-04-03T19:42:02+00:00\" \/>\n<meta property=\"og:image\" content=\"https:\/\/symbiotica.cl\/wp-content\/uploads\/2025\/01\/ResidenciaPenalolen4.jpg\" \/>\n\t<meta property=\"og:image:width\" content=\"1440\" \/>\n\t<meta property=\"og:image:height\" content=\"1080\" \/>\n<meta name=\"twitter:card\" content=\"summary_large_image\" \/>\n<meta name=\"twitter:label1\" content=\"Escrito por\">\n\t<meta name=\"twitter:data1\" content=\"4dm1n\">\n\t<meta name=\"twitter:label2\" content=\"Tiempo de lectura\">\n\t<meta name=\"twitter:data2\" content=\"6 minutos\">\n<script type=\"application\/ld+json\" class=\"yoast-schema-graph\">{\"@context\":\"https:\/\/schema.org\",\"@graph\":[{\"@type\":\"Organization\",\"@id\":\"https:\/\/symbiotica.cl\/#organization\",\"name\":\"Symbiotica\",\"url\":\"https:\/\/symbiotica.cl\/\",\"sameAs\":[\"https:\/\/www.facebook.com\/symbiotica.cl\",\"https:\/\/www.instagram.com\/symbiotica.cl\/\",\"https:\/\/www.linkedin.com\/company\/symbiotica-chile\"],\"logo\":{\"@type\":\"ImageObject\",\"@id\":\"https:\/\/symbiotica.cl\/#logo\",\"inLanguage\":\"es\",\"url\":\"https:\/\/symbiotica.cl\/wp-content\/uploads\/2020\/07\/logo-horizontal.png\",\"width\":514,\"height\":136,\"caption\":\"Symbiotica\"},\"image\":{\"@id\":\"https:\/\/symbiotica.cl\/#logo\"}},{\"@type\":\"WebSite\",\"@id\":\"https:\/\/symbiotica.cl\/#website\",\"url\":\"https:\/\/symbiotica.cl\/\",\"name\":\"Symbiotica\",\"description\":\"Soluciones Basadas en la Naturaleza\",\"publisher\":{\"@id\":\"https:\/\/symbiotica.cl\/#organization\"},\"potentialAction\":[{\"@type\":\"SearchAction\",\"target\":\"https:\/\/symbiotica.cl\/?s={search_term_string}\",\"query-input\":\"required name=search_term_string\"}],\"inLanguage\":\"es\"},{\"@type\":\"ImageObject\",\"@id\":\"https:\/\/symbiotica.cl\/?p=3749#primaryimage\",\"inLanguage\":\"es\",\"url\":\"https:\/\/symbiotica.cl\/wp-content\/uploads\/2025\/01\/ResidenciaPenalolen4.jpg\",\"width\":1440,\"height\":1080},{\"@type\":\"WebPage\",\"@id\":\"https:\/\/symbiotica.cl\/?p=3749#webpage\",\"url\":\"https:\/\/symbiotica.cl\/?p=3749\",\"name\":\"Bosque Residencial Pe\\u00f1alol\\u00e9n 2 - Symbiotica\",\"isPartOf\":{\"@id\":\"https:\/\/symbiotica.cl\/#website\"},\"primaryImageOfPage\":{\"@id\":\"https:\/\/symbiotica.cl\/?p=3749#primaryimage\"},\"datePublished\":\"2025-01-24T16:33:00+00:00\",\"dateModified\":\"2025-04-03T19:42:02+00:00\",\"inLanguage\":\"es\",\"potentialAction\":[{\"@type\":\"ReadAction\",\"target\":[\"https:\/\/symbiotica.cl\/?p=3749\"]}]},{\"@type\":\"Article\",\"@id\":\"https:\/\/symbiotica.cl\/?p=3749#article\",\"isPartOf\":{\"@id\":\"https:\/\/symbiotica.cl\/?p=3749#webpage\"},\"author\":{\"@id\":\"https:\/\/symbiotica.cl\/#\/schema\/person\/5378698ebc06fea07297e18f67927551\"},\"headline\":\"Bosque Residencial Pe\\u00f1alol\\u00e9n 2\",\"datePublished\":\"2025-01-24T16:33:00+00:00\",\"dateModified\":\"2025-04-03T19:42:02+00:00\",\"mainEntityOfPage\":{\"@id\":\"https:\/\/symbiotica.cl\/?p=3749#webpage\"},\"commentCount\":0,\"publisher\":{\"@id\":\"https:\/\/symbiotica.cl\/#organization\"},\"image\":{\"@id\":\"https:\/\/symbiotica.cl\/?p=3749#primaryimage\"},\"articleSection\":\"Bosquicultores,Miyawaki\",\"inLanguage\":\"es\",\"potentialAction\":[{\"@type\":\"CommentAction\",\"name\":\"Comment\",\"target\":[\"https:\/\/symbiotica.cl\/?p=3749#respond\"]}]},{\"@type\":\"Person\",\"@id\":\"https:\/\/symbiotica.cl\/#\/schema\/person\/5378698ebc06fea07297e18f67927551\",\"name\":\"4dm1n\",\"image\":{\"@type\":\"ImageObject\",\"@id\":\"https:\/\/symbiotica.cl\/#personlogo\",\"inLanguage\":\"es\",\"url\":\"https:\/\/secure.gravatar.com\/avatar\/a67f47ab2d1b2e7a34d825ebd01d6397?s=96&d=mm&r=g\",\"caption\":\"4dm1n\"},\"sameAs\":[\"https:\/\/symbiotica.cl\"]}]}<\/script>\n<!-- \/ Yoast SEO plugin. -->","_links":{"self":[{"href":"https:\/\/symbiotica.cl\/index.php?rest_route=\/wp\/v2\/posts\/3749"}],"collection":[{"href":"https:\/\/symbiotica.cl\/index.php?rest_route=\/wp\/v2\/posts"}],"about":[{"href":"https:\/\/symbiotica.cl\/index.php?rest_route=\/wp\/v2\/types\/post"}],"author":[{"embeddable":true,"href":"https:\/\/symbiotica.cl\/index.php?rest_route=\/wp\/v2\/users\/1"}],"replies":[{"embeddable":true,"href":"https:\/\/symbiotica.cl\/index.php?rest_route=%2Fwp%2Fv2%2Fcomments&post=3749"}],"version-history":[{"count":5,"href":"https:\/\/symbiotica.cl\/index.php?rest_route=\/wp\/v2\/posts\/3749\/revisions"}],"predecessor-version":[{"id":3932,"href":"https:\/\/symbiotica.cl\/index.php?rest_route=\/wp\/v2\/posts\/3749\/revisions\/3932"}],"wp:featuredmedia":[{"embeddable":true,"href":"https:\/\/symbiotica.cl\/index.php?rest_route=\/wp\/v2\/media\/3751"}],"wp:attachment":[{"href":"https:\/\/symbiotica.cl\/index.php?rest_route=%2Fwp%2Fv2%2Fmedia&parent=3749"}],"wp:term":[{"taxonomy":"category","embeddable":true,"href":"https:\/\/symbiotica.cl\/index.php?rest_route=%2Fwp%2Fv2%2Fcategories&post=3749"},{"taxonomy":"post_tag","embeddable":true,"href":"https:\/\/symbiotica.cl\/index.php?rest_route=%2Fwp%2Fv2%2Ftags&post=3749"}],"curies":[{"name":"wp","href":"https:\/\/api.w.org\/{rel}","templated":true}]}}